{"id":11926,"date":"2025-03-01T00:00:00","date_gmt":"2025-02-28T23:00:00","guid":{"rendered":"https:\/\/kanzlei-fahn.de\/maerz_2025-vervielfaeltiger_fuer_2025\/"},"modified":"2026-02-02T09:32:15","modified_gmt":"2026-02-02T08:32:15","slug":"maerz_2025-vervielfaeltiger_fuer_2025","status":"publish","type":"post","link":"https:\/\/kanzlei-fahn.de\/en\/maerz_2025-vervielfaeltiger_fuer_2025\/","title":{"rendered":"Vervielf\u00e4ltiger f\u00fcr 2025"},"content":{"rendered":"<p><img decoding=\"async\" src=\"https:\/\/kanzlei-fahn.de\/wp-content\/uploads\/AdobeStock_1047785951_Vervielfaeltiger_fuer_2025_V2_w500_h0_q80_jpg-1.jpg\" \/><\/p>\n<h2>Lebensl\u00e4ngliche Nutzungen oder Leistungen<\/h2>\n<p>Der steuerliche Kapitalwert lebenslanger Nutzungen und Leistungen errechnet sich aus dem jeweiligen Jahreswert, multipliziert mit einem bestimmten Kapitalwertfaktor. Das Bundesfinanzministerium hat die f\u00fcr 2025 geltenden Vervielf\u00e4ltiger f\u00fcr die Kapitalwertberechnung mit Schreiben vom 9.12.2024 (V D 4 &#8211; S 3104\/19\/10001 :010) bekannt gegeben. Die Daten basieren auf der Sterbetafel 2021\/2023 des Statistischen Bundesamtes.<\/p>\n<h2>Ver\u00e4nderungen<\/h2>\n<p>Gegen\u00fcber dem Vorjahr ist die durchschnittliche Lebenserwartung bei M\u00e4nnern und Frauen leicht zur\u00fcckgegangen (z. B. 60-j\u00e4hrige M\u00e4nner = 21,34 Jahre gegen\u00fcber 21,46 Jahre in 2024 und z. B. 60-j\u00e4hrige Frauen = 25,03 Jahre gegen\u00fcber 25,18 Jahre in 2024). Daraus ergeben sich etwas niedrigere Vervielf\u00e4ltiger.<\/p>\n<p class=&quot;hide_creation_date&quot;>Stand: 25. Februar 2025<\/p>\n<div class=&quot;hide_image_author&quot;>\n<p>Bild: AucArtStudio &#8211; stock.adobe.com<\/p>\n<\/div>\n","protected":false},"excerpt":{"rendered":"<p>Finanzverwaltung ver\u00f6ffentlicht Vervielf\u00e4ltiger f\u00fcr die Bewertung lebenslanger Nutzungen oder Leistungen<\/p>\n","protected":false},"author":1,"featured_media":11982,"comment_status":"closed","ping_status":"closed","sticky":false,"template":"","format":"standard","meta":{"footnotes":""},"categories":[73],"tags":[],"class_list":["post-11926","post","type-post","status-publish","format-standard","has-post-thumbnail","hentry","category-steuernews"],"aioseo_notices":[],"_links":{"self":[{"href":"https:\/\/kanzlei-fahn.de\/en\/wp-json\/wp\/v2\/posts\/11926","targetHints":{"allow":["GET"]}}],"collection":[{"href":"https:\/\/kanzlei-fahn.de\/en\/wp-json\/wp\/v2\/posts"}],"about":[{"href":"https:\/\/kanzlei-fahn.de\/en\/wp-json\/wp\/v2\/types\/post"}],"author":[{"embeddable":true,"href":"https:\/\/kanzlei-fahn.de\/en\/wp-json\/wp\/v2\/users\/1"}],"replies":[{"embeddable":true,"href":"https:\/\/kanzlei-fahn.de\/en\/wp-json\/wp\/v2\/comments?post=11926"}],"version-history":[{"count":7,"href":"https:\/\/kanzlei-fahn.de\/en\/wp-json\/wp\/v2\/posts\/11926\/revisions"}],"predecessor-version":[{"id":12699,"href":"https:\/\/kanzlei-fahn.de\/en\/wp-json\/wp\/v2\/posts\/11926\/revisions\/12699"}],"wp:featuredmedia":[{"embeddable":true,"href":"https:\/\/kanzlei-fahn.de\/en\/wp-json\/wp\/v2\/media\/11982"}],"wp:attachment":[{"href":"https:\/\/kanzlei-fahn.de\/en\/wp-json\/wp\/v2\/media?parent=11926"}],"wp:term":[{"taxonomy":"category","embeddable":true,"href":"https:\/\/kanzlei-fahn.de\/en\/wp-json\/wp\/v2\/categories?post=11926"},{"taxonomy":"post_tag","embeddable":true,"href":"https:\/\/kanzlei-fahn.de\/en\/wp-json\/wp\/v2\/tags?post=11926"}],"curies":[{"name":"wp","href":"https:\/\/api.w.org\/{rel}","templated":true}]}}