{"id":12814,"date":"2026-05-01T00:00:00","date_gmt":"2026-04-30T22:00:00","guid":{"rendered":"https:\/\/kanzlei-fahn.de\/mai_2026-ladestrom_und_ladevorrichtungen\/"},"modified":"2026-05-01T09:12:23","modified_gmt":"2026-05-01T07:12:23","slug":"mai_2026-ladestrom_und_ladevorrichtungen","status":"publish","type":"post","link":"https:\/\/kanzlei-fahn.de\/en\/mai_2026-ladestrom_und_ladevorrichtungen\/","title":{"rendered":"Ladestrom und Ladevorrichtungen"},"content":{"rendered":"<p><img decoding=\"async\" src=\"https:\/\/kanzlei-fahn.de\/wp-content\/uploads\/Ladestrom_V2_w500_h0_q80_jpg.jpg\" \/><\/p>\n<h2>Neues BMF-Schreiben<\/h2>\n<p>Das Bundesfinanzministerium hat im November letzten Jahres ein neues Schreiben zu den steuerlichen Vorteilen f\u00fcr das elektrische Aufladen eines Elektrofahrzeugs oder Hybrid-elektrofahrzeugs (\u00a7 3 Nr. 46 Einkommensteuergesetz\u2009-\u2009EStG) sowie zu Steuerbefreiung des vom Arbeitgeber gestellten Ladestroms herausgegeben (Schreiben v. 11.11.2025 IV C 5 &#8211; S 2334\/00087\/014\/013 BStBl 2025 I S. 1929).<\/p>\n<h2>Wegfall der Pauschalen<\/h2>\n<p>Eine wesentliche Neuerung zum 1.1.2026 betrifft die Streichung der bisherigen ladeunabh\u00e4ngigen monatlichen Pauschalen f\u00fcr E-Autos von \u20ac 30,00 bzw. \u20ac 70,00 im Monat (Hybridfahrzeuge \u20ac 15,00 bzw. \u20ac 30,00), die Arbeitgeberinnen bzw. Arbeitgeber lohnsteuerfrei auszahlen konnten. Mit dem neuen Schreiben gilt ab 2026 eine exakte Ermittlungs- und Dokumentationspflicht von Strommengen und Strompreis je Kilowattstunde (kWh). Beim Aufladen eines E-Autos an \u00f6ffentlichen Ladestationen gen\u00fcgt hierf\u00fcr der Beleg. Erfolgt die Aufladung mittels einer Ladevorrichtung in der Privatgarage, ist die Strommenge mittels eines Stromz\u00e4hlers nachzuweisen. Als ma\u00dfgeblicher Strompreis gilt derjenige, zu dem die Besch\u00e4ftigte bzw. der Besch\u00e4ftigte den Strom im Privathaushalt bezieht, zuz\u00fcglich eines anteiligen Grundpreises. Aus Vereinfachungsgr\u00fcnden k\u00f6nnen bei einem Vertrag mit dynamischem Stromtarif die durchschnittlichen monatlichen Stromkosten je kWh einschlie\u00dflich anteiligem Grundpreis zugrunde gelegt werden (vgl. Rz 27,28 BMF-Schreiben).<\/p>\n<h2>Photovoltaikanlage<\/h2>\n<p>Nutzt die Arbeitnehmerin bzw. der Arbeitnehmer eine eigene Photovoltaikanlage, kann als Strompreis der vom Statistischen Bundesamt halbj\u00e4hrlich ver\u00f6ffentlichte Gesamtstrompreis f\u00fcr private Haushalte (Statistik-Code 61243-0001, Durchschnittspreise einschlie\u00dflich Steuern, Abgaben und Umlagen) herangezogen werden. Dabei ist f\u00fcr das gesamte Kalenderjahr auf den f\u00fcr das 1. Halbjahr des Vorjahres ver\u00f6ffentlichten Gesamtdurchschnittsstrompreis einschlie\u00dflich Steuern, Abgaben und Umlagen (Wert bei einem Jahresverbrauch von 5.000 kWh bis unter 15.000 kWh) abzustellen (Strompreispauschale).<\/p>\n<h2>Fazit<\/h2>\n<p>Der Wegfall der Pauschalen erfordert zwingende \u00c4nderungen im Lohnb\u00fcro. So m\u00fcssen seit Januar 2026 Strommengen, Strompreis bzw. die Strompreispauschale f\u00fcr die Berechnung der steuerfreien Aufwendungen verarbeitet werden k\u00f6nnen. Au\u00dferdem sind ggf. Anpassungen im Arbeitsvertrag notwendig.<\/p>\n<p class=&quot;hide_creation_date&quot;>Stand: 27. April 2026<\/p>\n<div class=&quot;hide_image_author&quot;>\n<p>Bild: MahmudulHassan &#8211; stock.adobe.com<\/p>\n<\/div>\n","protected":false},"excerpt":{"rendered":"<p>Neues BMF-Schreiben zum steuerfreien Ladestrom des Arbeitgebers sowie zur steuerlichen Behandlung der vom Arbeitnehmer selbst getragenen Stromkosten<\/p>\n","protected":false},"author":1,"featured_media":12815,"comment_status":"closed","ping_status":"closed","sticky":false,"template":"","format":"standard","meta":{"footnotes":""},"categories":[73],"tags":[],"class_list":["post-12814","post","type-post","status-publish","format-standard","has-post-thumbnail","hentry","category-steuernews"],"aioseo_notices":[],"_links":{"self":[{"href":"https:\/\/kanzlei-fahn.de\/en\/wp-json\/wp\/v2\/posts\/12814","targetHints":{"allow":["GET"]}}],"collection":[{"href":"https:\/\/kanzlei-fahn.de\/en\/wp-json\/wp\/v2\/posts"}],"about":[{"href":"https:\/\/kanzlei-fahn.de\/en\/wp-json\/wp\/v2\/types\/post"}],"author":[{"embeddable":true,"href":"https:\/\/kanzlei-fahn.de\/en\/wp-json\/wp\/v2\/users\/1"}],"replies":[{"embeddable":true,"href":"https:\/\/kanzlei-fahn.de\/en\/wp-json\/wp\/v2\/comments?post=12814"}],"version-history":[{"count":1,"href":"https:\/\/kanzlei-fahn.de\/en\/wp-json\/wp\/v2\/posts\/12814\/revisions"}],"predecessor-version":[{"id":12816,"href":"https:\/\/kanzlei-fahn.de\/en\/wp-json\/wp\/v2\/posts\/12814\/revisions\/12816"}],"wp:featuredmedia":[{"embeddable":true,"href":"https:\/\/kanzlei-fahn.de\/en\/wp-json\/wp\/v2\/media\/12815"}],"wp:attachment":[{"href":"https:\/\/kanzlei-fahn.de\/en\/wp-json\/wp\/v2\/media?parent=12814"}],"wp:term":[{"taxonomy":"category","embeddable":true,"href":"https:\/\/kanzlei-fahn.de\/en\/wp-json\/wp\/v2\/categories?post=12814"},{"taxonomy":"post_tag","embeddable":true,"href":"https:\/\/kanzlei-fahn.de\/en\/wp-json\/wp\/v2\/tags?post=12814"}],"curies":[{"name":"wp","href":"https:\/\/api.w.org\/{rel}","templated":true}]}}