{"id":12826,"date":"2026-05-01T00:00:00","date_gmt":"2026-04-30T22:00:00","guid":{"rendered":"https:\/\/kanzlei-fahn.de\/mai_2026-kirchensteuer-zwoelftelregelung\/"},"modified":"2026-05-01T09:13:12","modified_gmt":"2026-05-01T07:13:12","slug":"mai_2026-kirchensteuer-zwoelftelregelung","status":"publish","type":"post","link":"https:\/\/kanzlei-fahn.de\/en\/mai_2026-kirchensteuer-zwoelftelregelung\/","title":{"rendered":"Kirchensteuer-Zw\u00f6lftelregelung"},"content":{"rendered":"<p><img decoding=\"async\" src=\"https:\/\/kanzlei-fahn.de\/wp-content\/uploads\/Kirche_V2_w500_h0_q80_jpg.jpg\" \/><\/p>\n<h2 class=&quot;Absatz&quot;><span lang=&quot;DE&quot;>Unterj\u00e4hriger Kirchenaustritt <\/span><\/h2>\n<p class=&quot;Absatz&quot;><span lang=&quot;DE&quot;>Tritt eine Steuerpflichtige bzw. ein Steuerpflichtiger w\u00e4hrend eines Jahres aus der Kirche aus, sehen die meisten Kirchensteuer-Landesgesetze vor, dass f\u00fcr jeden Monat, in dem die Betreffende bzw. der Betreffende noch Kirchenmitglied war, ein Zw\u00f6lftel des Betrags erhoben wird, der sich bei ganzj\u00e4hriger Kirchensteuerpflicht als Jahressteuer ergeben w\u00fcrde. Tritt der Steuerpflichtige beispielsweise wie im Streitfall im September aus der Kirche aus, kommt es durch diese Regelung (im Streitfall \u00a7\u00a05 Abs 2 Satz 1 KiStG NRW) noch zu einer anteiligen Steuerpflicht von in den verbleibenden Monaten des Jahres (im Streitfall Dezember) zugeflossenen Eink\u00fcnften. <\/span><\/p>\n<h2 class=&quot;Absatz&quot;><span lang=&quot;DE&quot;>Urteil FG M\u00fcnster<\/span><\/h2>\n<p class=&quot;Absatz&quot;><span lang=&quot;DE&quot;>Das Finanzgericht (FG) M\u00fcnster h\u00e4lt diese sogenannte \u201eZw\u00f6lftelregelung\u201c f\u00fcr verfassungsgem\u00e4\u00df (Urt. v. 24.10.2025 4 K 924\/23). Nach Ansicht des Gerichts wird diese Vereinfachungsregelung der sachgerechten Verteilung des Jahreseinkommens gerecht. Gegen dieses Urteil ist ein Revisionsverfahren vor dem Bundesfinanzhof (BFH) anh\u00e4ngig (Az. X R 5\/26).<\/span><\/p>\n<p class=&quot;hide_creation_date&quot;>Stand: 27. April 2026<\/p>\n<div class=&quot;hide_image_author&quot;>\n<p>Bild: Christin Klose &#8211; stock.adobe.com<\/p>\n<\/div>\n","protected":false},"excerpt":{"rendered":"<p>Urteil Finanzgericht M\u00fcnster<\/p>\n","protected":false},"author":1,"featured_media":12827,"comment_status":"closed","ping_status":"closed","sticky":false,"template":"","format":"standard","meta":{"footnotes":""},"categories":[73],"tags":[],"class_list":["post-12826","post","type-post","status-publish","format-standard","has-post-thumbnail","hentry","category-steuernews"],"aioseo_notices":[],"_links":{"self":[{"href":"https:\/\/kanzlei-fahn.de\/en\/wp-json\/wp\/v2\/posts\/12826","targetHints":{"allow":["GET"]}}],"collection":[{"href":"https:\/\/kanzlei-fahn.de\/en\/wp-json\/wp\/v2\/posts"}],"about":[{"href":"https:\/\/kanzlei-fahn.de\/en\/wp-json\/wp\/v2\/types\/post"}],"author":[{"embeddable":true,"href":"https:\/\/kanzlei-fahn.de\/en\/wp-json\/wp\/v2\/users\/1"}],"replies":[{"embeddable":true,"href":"https:\/\/kanzlei-fahn.de\/en\/wp-json\/wp\/v2\/comments?post=12826"}],"version-history":[{"count":1,"href":"https:\/\/kanzlei-fahn.de\/en\/wp-json\/wp\/v2\/posts\/12826\/revisions"}],"predecessor-version":[{"id":12828,"href":"https:\/\/kanzlei-fahn.de\/en\/wp-json\/wp\/v2\/posts\/12826\/revisions\/12828"}],"wp:featuredmedia":[{"embeddable":true,"href":"https:\/\/kanzlei-fahn.de\/en\/wp-json\/wp\/v2\/media\/12827"}],"wp:attachment":[{"href":"https:\/\/kanzlei-fahn.de\/en\/wp-json\/wp\/v2\/media?parent=12826"}],"wp:term":[{"taxonomy":"category","embeddable":true,"href":"https:\/\/kanzlei-fahn.de\/en\/wp-json\/wp\/v2\/categories?post=12826"},{"taxonomy":"post_tag","embeddable":true,"href":"https:\/\/kanzlei-fahn.de\/en\/wp-json\/wp\/v2\/tags?post=12826"}],"curies":[{"name":"wp","href":"https:\/\/api.w.org\/{rel}","templated":true}]}}